{"id":2984,"date":"2026-04-29T20:23:00","date_gmt":"2026-04-29T18:23:00","guid":{"rendered":"https:\/\/www.cvjm-ofterdingen.de\/wp01\/?p=2984"},"modified":"2026-04-29T20:23:00","modified_gmt":"2026-04-29T18:23:00","slug":"maitag-2","status":"publish","type":"post","link":"https:\/\/www.cvjm-ofterdingen.de\/wp01\/2026\/04\/29\/maitag-2\/","title":{"rendered":"CVJM Mai-Tag am 3. Mai"},"content":{"rendered":"\n<figure class=\"wp-block-image size-full\"><img loading=\"lazy\" decoding=\"async\" width=\"600\" height=\"842\" src=\"https:\/\/www.cvjm-ofterdingen.de\/wp01\/wp-content\/uploads\/2025\/12\/1.jpg\" alt=\"\" class=\"wp-image-2981\" srcset=\"https:\/\/www.cvjm-ofterdingen.de\/wp01\/wp-content\/uploads\/2025\/12\/1.jpg 600w, https:\/\/www.cvjm-ofterdingen.de\/wp01\/wp-content\/uploads\/2025\/12\/1-214x300.jpg 214w\" sizes=\"auto, (max-width: 600px) 100vw, 600px\" \/><\/figure>\n\n\n\n<figure class=\"wp-block-image size-full\"><img loading=\"lazy\" decoding=\"async\" width=\"600\" height=\"842\" src=\"https:\/\/www.cvjm-ofterdingen.de\/wp01\/wp-content\/uploads\/2025\/12\/2.jpg\" alt=\"\" class=\"wp-image-2982\" srcset=\"https:\/\/www.cvjm-ofterdingen.de\/wp01\/wp-content\/uploads\/2025\/12\/2.jpg 600w, https:\/\/www.cvjm-ofterdingen.de\/wp01\/wp-content\/uploads\/2025\/12\/2-214x300.jpg 214w\" sizes=\"auto, (max-width: 600px) 100vw, 600px\" \/><\/figure>\n\n\n\n<p><strong>Programm:<\/strong><br><strong>10:00 Uhr:<\/strong> Gottesdienst in der Mauritiuskirche<br><br><strong>11:00 Uhr:<\/strong> Interessensabh\u00e4ngiges Programm: Action-Radtour f\u00fcr Jugendliche, Wanderung bzw. Spaziergang f\u00fcr alle anderen (ca. 7 km)<br><br>Anschlie\u00dfend (<strong>ca. 13:30 Uhr<\/strong>): Gemeinsames Grillen, Reden\/Gemeinschaft, kindgerechte Geschichte bei Fam. Kuttler, Dettinger Str. 5\/1<\/p>\n","protected":false},"excerpt":{"rendered":"<p>Programm:10:00 Uhr: Gottesdienst in der Mauritiuskirche 11:00 Uhr: Interessensabh\u00e4ngiges Programm: Action-Radtour f\u00fcr Jugendliche, Wanderung bzw. Spaziergang f\u00fcr alle anderen (ca. 7 km) Anschlie\u00dfend (ca. 13:30 Uhr): Gemeinsames Grillen, Reden\/Gemeinschaft, kindgerechte Geschichte bei Fam. Kuttler, Dettinger Str. 5\/1<\/p>\n","protected":false},"author":1,"featured_media":0,"comment_status":"closed","ping_status":"closed","sticky":false,"template":"","format":"standard","meta":{"footnotes":""},"categories":[3,8,9,10,385,11,253,13,14,15,433,17,18,19],"tags":[20,28,59,60,65,82,86,447,89,99,101,111,112,353,396,136,137,434,139,142,147],"class_list":["post-2984","post","type-post","status-publish","format-standard","hentry","category-andacht","category-erwachsene","category-essen","category-essen-trinken","category-event","category-familien","category-gottesdienst","category-input","category-kids","category-kinder","category-sport","category-teenager","category-teens","category-veranstaltung","tag-1-mai","tag-andacht","tag-erwachsene","tag-essen","tag-familien","tag-geschichte","tag-grillen","tag-grillfest","tag-input","tag-kids","tag-kinder","tag-mai-radtour","tag-mai-wanderung","tag-maifest","tag-maitag","tag-spiele","tag-spielen","tag-sport","tag-teenager","tag-teens","tag-trinken"],"_links":{"self":[{"href":"https:\/\/www.cvjm-ofterdingen.de\/wp01\/wp-json\/wp\/v2\/posts\/2984","targetHints":{"allow":["GET"]}}],"collection":[{"href":"https:\/\/www.cvjm-ofterdingen.de\/wp01\/wp-json\/wp\/v2\/posts"}],"about":[{"href":"https:\/\/www.cvjm-ofterdingen.de\/wp01\/wp-json\/wp\/v2\/types\/post"}],"author":[{"embeddable":true,"href":"https:\/\/www.cvjm-ofterdingen.de\/wp01\/wp-json\/wp\/v2\/users\/1"}],"replies":[{"embeddable":true,"href":"https:\/\/www.cvjm-ofterdingen.de\/wp01\/wp-json\/wp\/v2\/comments?post=2984"}],"version-history":[{"count":1,"href":"https:\/\/www.cvjm-ofterdingen.de\/wp01\/wp-json\/wp\/v2\/posts\/2984\/revisions"}],"predecessor-version":[{"id":2985,"href":"https:\/\/www.cvjm-ofterdingen.de\/wp01\/wp-json\/wp\/v2\/posts\/2984\/revisions\/2985"}],"wp:attachment":[{"href":"https:\/\/www.cvjm-ofterdingen.de\/wp01\/wp-json\/wp\/v2\/media?parent=2984"}],"wp:term":[{"taxonomy":"category","embeddable":true,"href":"https:\/\/www.cvjm-ofterdingen.de\/wp01\/wp-json\/wp\/v2\/categories?post=2984"},{"taxonomy":"post_tag","embeddable":true,"href":"https:\/\/www.cvjm-ofterdingen.de\/wp01\/wp-json\/wp\/v2\/tags?post=2984"}],"curies":[{"name":"wp","href":"https:\/\/api.w.org\/{rel}","templated":true}]}}