{"id":1450,"date":"2021-01-07T12:35:15","date_gmt":"2021-01-07T11:35:15","guid":{"rendered":"https:\/\/www.cvjm-ofterdingen.de\/wp01\/?p=1450"},"modified":"2021-01-07T12:36:13","modified_gmt":"2021-01-07T11:36:13","slug":"christbaumsammlung-2","status":"publish","type":"post","link":"https:\/\/www.cvjm-ofterdingen.de\/wp01\/2021\/01\/07\/christbaumsammlung-2\/","title":{"rendered":"Christbaumsammlung 2021"},"content":{"rendered":"<p><img loading=\"lazy\" decoding=\"async\" class=\"alignnone size-full wp-image-1453\" src=\"https:\/\/www.cvjm-ofterdingen.de\/wp01\/wp-content\/uploads\/2021\/01\/Homepage_Flyer_vorne_k-1.jpg\" alt=\"\" width=\"690\" height=\"497\" srcset=\"https:\/\/www.cvjm-ofterdingen.de\/wp01\/wp-content\/uploads\/2021\/01\/Homepage_Flyer_vorne_k-1.jpg 690w, https:\/\/www.cvjm-ofterdingen.de\/wp01\/wp-content\/uploads\/2021\/01\/Homepage_Flyer_vorne_k-1-300x216.jpg 300w, https:\/\/www.cvjm-ofterdingen.de\/wp01\/wp-content\/uploads\/2021\/01\/Homepage_Flyer_vorne_k-1-416x300.jpg 416w\" sizes=\"auto, (max-width: 690px) 100vw, 690px\" \/><\/p>\n<p>Wir sammeln Ihren Baum (ohne Weihnachtsschmuck) am <strong>Samstag, 9. Januar 2021, ab 10.00 Uhr ein.<\/strong><\/p>\n<p>Bitte unterst\u00fctzen Sie uns, damit uns die<strong> 3 Euro pro Baum<\/strong> m\u00f6glichst kontaktlos erreichen, <strong>indem Sie Ihren Baum mit Namen kennzeichnen und das Geld an der Haust\u00fcre deponieren oder am Baum selbst befestigen<\/strong>.<\/p>\n<p>Mit den 3 Euro unterst\u00fctzen Sie die Kinder- und Jugendarbeit des CVJM Ofterdingen (Jungscharen, Zeltlager usw.) sowie ein Spendenprojekt des Evangelischen Jugendwerks T\u00fcbingen (EJT) jeweils mit 1,50 Euro.<\/p>\n<p>Das Spendenprojekt des EJT, welches wir mit 50 % der Einnahmen unterst\u00fctzen, ist in diesem Jahr der Verein &#8222;El Pueblu Unido &#8211; Solidarit\u00e4t mit Lateinamerika e.V.&#8220;. Der Verein hat seinen Sitz in T\u00fcbingen und finanziert die Schule &#8222;Aulas abiertas &#8211; vuelta a la escuela&#8220; (Offene Klassenzimmer &#8211; zur\u00fcck zur Schule) im Armenviertel San Roque in Cajamarca, Peru.<br \/>\nDer Name der Schule ist Programm: Kinder, die aus Armutsgr\u00fcnden nicht oder nur selten eine Schule besuchen k\u00f6nnen, da sie kleine Geschwister h\u00fcten oder zum Unterhalt der Familie beitragen m\u00fcssen, sind willkommen.<br \/>\n&#8222;Aulas abiertas&#8220; ist eine Grundschule mit sechs Klassenstufen und drei Kindergruppen f\u00fcr Kinder ab drei Jahren. Etwa 220 Kinder besuchen derzeit die Schule. Jedes Kind bekommt t\u00e4glich eine warme Mahlzeit, die von den M\u00fcttern abwechselnd zubereitet wird.<br \/>\nNeun Lehrerinnen und Lehrer sowie einige Lehrkr\u00e4fte f\u00fcr Werkst\u00e4tten unterrichten die Schul &#8211; und Vorschulkinder nach einem eigenen Lehrplan, der lebensnahe Themen wie Gesundheit, Wasser, Ern\u00e4hrung, Kultur und Kinderrechte in den Mittelpunkt stellt und die Kinder damit in ihrem Alltagsleben unterst\u00fctzt. Auf ihre Schuluniformen sind die Kinder stolz, sie werden von den M\u00fcttern und den Kindern gemeinsam gestrickt und gen\u00e4ht. Auf diese Weise haben die Kinder auch warme Kleidung f\u00fcr die kalten Monate im Andenhochland Cajamarca, das auf 2.700 m H\u00f6he liegt.<br \/>\nWerkst\u00e4tten, in denen die Kinder das Friseurhandwerk, traditionelles Weben sowie Stricken, N\u00e4hen und Sticken lernen k\u00f6nnen, konnten im November 2010 er\u00f6ffnet werden. Auch eine Bibliothek mit Kinderb\u00fcchern und Spielen geh\u00f6rt zur Schule. Mit einem Computerraum, einer gro\u00dfen Aula f\u00fcr Feste und Versammlungen sowie schlie\u00dflich dem Gesundheitsposten ist die Schule zu einem Herzst\u00fcck f\u00fcr die Kinder und ihre Eltern im Stadtteil San Roque geworden.<br \/>\nPers\u00f6nliche Beziehungen einiger Vereinsmitglieder nach Lateinamerika und zur Schulleiterin Alsina Zegarra erm\u00f6glichte im\u00a0 Jahr 1993 den Kauf eines 11 Ar gro\u00dfen Gundstr\u00fccks im Armenviertel San Roque in Cajamarca. Mit tatkr\u00e4ftiger Hilfe zahlreicher Eltern und des Bauingenieurs und Architekten C\u00e9sar Arana Zegarra wurde die Schule im Laufe der Jahre Raum f\u00fcr Raum gebaut.<br \/>\nMit einer K\u00fcche, zwei Klassenzimmern, einem B\u00fcro und Toiletten begann der offizielle Schulbetrieb am 30. Mai 1994 f\u00fcr 63 Kinder in vier Klassen.<br \/>\nIm Mai 2014 besuchte der T\u00fcbinger Verein Cajamarca, um mit den Kindern und ihren Eltern sowie den Lehrerinnen und Lehrern den 20. Geburtstag der Schule zu feiern.<br \/>\nUnd es geht zuversichtlich weiter: Endlich konnte die Fertigstellung des obersten Stockwerks und der Bau eines dringend ben\u00f6tigten Speisesaals beschlossen werden.<\/p>\n<p>Herzlichen Dank f\u00fcr Ihre Unterst\u00fctzung durch Ihre 3 Euro bei der Christbaumsammlung.<\/p>\n","protected":false},"excerpt":{"rendered":"<p>Wir sammeln Ihren Baum (ohne Weihnachtsschmuck) am Samstag, 9. Januar 2021, ab 10.00 Uhr ein. Bitte unterst\u00fctzen Sie uns, damit uns die 3 Euro pro Baum m\u00f6glichst kontaktlos erreichen, indem Sie Ihren Baum mit Namen kennzeichnen und das Geld an &hellip; <a href=\"https:\/\/www.cvjm-ofterdingen.de\/wp01\/2021\/01\/07\/christbaumsammlung-2\/\">Weiterlesen <span class=\"meta-nav\">&rarr;<\/span><\/a><\/p>\n","protected":false},"author":1,"featured_media":1453,"comment_status":"closed","ping_status":"closed","sticky":false,"template":"","format":"standard","meta":{"footnotes":""},"categories":[1,8,11,19],"tags":[270,40,42,268,299,123,267,298,269],"class_list":["post-1450","post","type-post","status-publish","format-standard","has-post-thumbnail","hentry","category-allgemein","category-erwachsene","category-familien","category-veranstaltung","tag-aktion","tag-christbaum","tag-christbaumsammlung","tag-ejt","tag-januar","tag-sammlung","tag-weihnachten","tag-weihnachtsbaum","tag-weltdienst"],"_links":{"self":[{"href":"https:\/\/www.cvjm-ofterdingen.de\/wp01\/wp-json\/wp\/v2\/posts\/1450","targetHints":{"allow":["GET"]}}],"collection":[{"href":"https:\/\/www.cvjm-ofterdingen.de\/wp01\/wp-json\/wp\/v2\/posts"}],"about":[{"href":"https:\/\/www.cvjm-ofterdingen.de\/wp01\/wp-json\/wp\/v2\/types\/post"}],"author":[{"embeddable":true,"href":"https:\/\/www.cvjm-ofterdingen.de\/wp01\/wp-json\/wp\/v2\/users\/1"}],"replies":[{"embeddable":true,"href":"https:\/\/www.cvjm-ofterdingen.de\/wp01\/wp-json\/wp\/v2\/comments?post=1450"}],"version-history":[{"count":2,"href":"https:\/\/www.cvjm-ofterdingen.de\/wp01\/wp-json\/wp\/v2\/posts\/1450\/revisions"}],"predecessor-version":[{"id":1455,"href":"https:\/\/www.cvjm-ofterdingen.de\/wp01\/wp-json\/wp\/v2\/posts\/1450\/revisions\/1455"}],"wp:featuredmedia":[{"embeddable":true,"href":"https:\/\/www.cvjm-ofterdingen.de\/wp01\/wp-json\/wp\/v2\/media\/1453"}],"wp:attachment":[{"href":"https:\/\/www.cvjm-ofterdingen.de\/wp01\/wp-json\/wp\/v2\/media?parent=1450"}],"wp:term":[{"taxonomy":"category","embeddable":true,"href":"https:\/\/www.cvjm-ofterdingen.de\/wp01\/wp-json\/wp\/v2\/categories?post=1450"},{"taxonomy":"post_tag","embeddable":true,"href":"https:\/\/www.cvjm-ofterdingen.de\/wp01\/wp-json\/wp\/v2\/tags?post=1450"}],"curies":[{"name":"wp","href":"https:\/\/api.w.org\/{rel}","templated":true}]}}