{"id":1211,"date":"2020-03-17T20:49:16","date_gmt":"2020-03-17T19:49:16","guid":{"rendered":"https:\/\/www.cvjm-ofterdingen.de\/wp01\/?p=1211"},"modified":"2020-03-18T12:16:48","modified_gmt":"2020-03-18T11:16:48","slug":"cvjm-veranstaltungen-werden-ausgesetzt","status":"publish","type":"post","link":"https:\/\/www.cvjm-ofterdingen.de\/wp01\/2020\/03\/17\/cvjm-veranstaltungen-werden-ausgesetzt\/","title":{"rendered":"Veranstaltungen ausgesetzt &#8211; Online-Angebote vorgestellt"},"content":{"rendered":"<p>Liebe CVJMer,<\/p>\n<p>um einer weiteren Beschleunigung der Ausbreitung des Corona-Virus&#8216; und der Ansteckung vorzubeugen, <strong>setzen wir s\u00e4mtliche Veranstaltungen, Gruppen etc. bis auf Weiteres<\/strong> aus.<\/p>\n<p><strong>Worauf wir nicht verzichten: Das Gebet, Gottes Wort und gegenseitigen Zuspruch<\/strong> (<strong>in neuen Formen<\/strong> ohne pers\u00f6nlichen Kontakt)!<\/p>\n<p>Mehr als alles andere, brauchen wir jetzt die Verbindung zu Gott, der alles in seiner Hand hat, der Weisheit f\u00fcr unser Tun und Lassen schenkt, uns Mut in der Krise gibt und Orientierung durch die Bibel. Es ist nicht verwunderlich, dass durch die Nachrichtenflut der Einzelne irritiert und verunsichert wird. \u00dcberall wird nur noch vom Corona-Virus gesprochen. Jesus soll unser Zentrum bleiben. Das ver\u00e4ndert sich schleichend. Es ist immer eine kleine Kraft n\u00f6tig, damit dies nicht geschieht.<\/p>\n<p>Hilfreich sind beispielsweise Angebote aus dem Internet:<\/p>\n<ul>\n<li>Di 17.3. bis Sa 20.3.: JesusHouse live via Stream, t\u00e4glich ab 18.30 Uhr: <a href=\"https:\/\/jesushouse.de\/live\/\" target=\"_blank\" rel=\"noopener\">https:\/\/jesushouse.de\/live\/<\/a> bzw. <a href=\"http:\/\/www.jesushouse-live.de\" target=\"_blank\" rel=\"noopener\">www.jesushouse-live.de<\/a>. Die Videos werden gespeichert und sind auch sp\u00e4ter noch abrufbar (&#8222;VOD: VideoOnDemand&#8220;, z. B. <a href=\"https:\/\/www.youtube.com\/channel\/UCUc4CLEQSFfF_dKdxLvH3Ew\/videos\" target=\"_blank\" rel=\"noopener\">hier<\/a>)!<\/li>\n<li>Ev. Kirchengemeinde Ofterdingen verschickt Predigten. Anmeldung \u00fcber Vertretungspfarrer Fabian Kunze: <a href=\"mailto:fabian.kunze@elkw.de\" target=\"_blank\" rel=\"noopener\">fabian.kunze@elkw.de<\/a><\/li>\n<li>Ev. Methodistische Kirche M\u00f6ssingen: <a href=\"https:\/\/www.emk-moessingen.de\/predigten\/\" target=\"_blank\" rel=\"noopener\">https:\/\/www.emk-moessingen.de\/predigten\/<\/a><\/li>\n<li>Paul Murdoch: <a href=\"http:\/\/pcm.murdochs.eu\/\" target=\"_blank\" rel=\"noopener\">http:\/\/pcm.murdochs.eu\/<\/a><\/li>\n<li>Gebetshaus Augsburg mit Johannes Hartl u.a.: <a href=\"https:\/\/gebetshaus.org\/medien\/podcasts\/\" target=\"_blank\" rel=\"noopener\">https:\/\/gebetshaus.org\/medien\/podcasts\/<\/a><\/li>\n<li>Facebook: Andacht f\u00fcr jeden Tag, eine \u00f6ffentliche Gruppe: <a href=\"https:\/\/de-de.facebook.com\/groups\/andachtfjt\/\" target=\"_blank\" rel=\"noopener\">https:\/\/de-de.facebook.com\/groups\/andachtfjt\/<\/a><\/li>\n<li>99seconds &#8211; Kurzinputs auf YouTube: <a href=\"https:\/\/www.youtube.com\/channel\/UCBfffMoRl9ATxGQiSy2Ttjw\/videos\" target=\"_blank\" rel=\"noopener\">https:\/\/www.youtube.com\/channel\/UCBfffMoRl9ATxGQiSy2Ttjw\/videos<\/a><\/li>\n<li>EJW: Ev. Jugendwerk W\u00fcrttemberg &#8211; viele kurze und l\u00e4ngere Clips, Livestream-Aufzeichnungen uvm.: <a href=\"https:\/\/www.youtube.com\/user\/ejwue\/videos\" target=\"_blank\" rel=\"noopener\">https:\/\/www.youtube.com\/user\/ejwue\/videos<\/a><\/li>\n<li>Kinder-\/Familiengottesdienst im Livestream: <a href=\"https:\/\/www.kinderkirche-wuerttemberg.de\/kindergottesdienst-im-livestream\/\" target=\"_blank\" rel=\"noopener\">https:\/\/www.kinderkirche-wuerttemberg.de\/kindergottesdienst-im-livestream\/<\/a><\/li>\n<li>ZuhauseUmZehn &#8211; Ein weiteres Angebot des EJW mit t\u00e4glich neuen Beitr\u00e4gen f\u00fcr Kinder, Teenager und auch Erwachsene: <a href=\"https:\/\/www.zuhauseumzehn.de\/\">https:\/\/www.zuhauseumzehn.de\/<\/a><\/li>\n<\/ul>\n<p>Bleibt gesund und seid gesegnet!<\/p>\n","protected":false},"excerpt":{"rendered":"<p>Liebe CVJMer, um einer weiteren Beschleunigung der Ausbreitung des Corona-Virus&#8216; und der Ansteckung vorzubeugen, setzen wir s\u00e4mtliche Veranstaltungen, Gruppen etc. bis auf Weiteres aus. Worauf wir nicht verzichten: Das Gebet, Gottes Wort und gegenseitigen Zuspruch (in neuen Formen ohne pers\u00f6nlichen &hellip; <a href=\"https:\/\/www.cvjm-ofterdingen.de\/wp01\/2020\/03\/17\/cvjm-veranstaltungen-werden-ausgesetzt\/\">Weiterlesen <span class=\"meta-nav\">&rarr;<\/span><\/a><\/p>\n","protected":false},"author":1,"featured_media":0,"comment_status":"closed","ping_status":"closed","sticky":false,"template":"","format":"standard","meta":{"footnotes":""},"categories":[2,1,3,6,8,11,253,13,14,15,17,18,19],"tags":[25,28,271,49,50,284,287,279,282,283,84,239,89,286,281,285,104,240,276,280,278,277,165],"class_list":["post-1211","post","type-post","status-publish","format-standard","hentry","category-99seconds","category-allgemein","category-andacht","category-cvjm-landesverband","category-erwachsene","category-familien","category-gottesdienst","category-input","category-kids","category-kinder","category-teenager","category-teens","category-veranstaltung","tag-99seconds","tag-andacht","tag-corona","tag-cvjm","tag-cvjm-landesverband","tag-ejw","tag-elk","tag-emk","tag-gebetshaus","tag-gebetshaus-augsburg","tag-gottesdienst","tag-gruppen","tag-input","tag-jesushouse","tag-johannes-hartl","tag-jugendwerk","tag-kirchengemeinde","tag-kreise","tag-livestream","tag-methodisten","tag-paul-murdoch","tag-stream","tag-youtube"],"_links":{"self":[{"href":"https:\/\/www.cvjm-ofterdingen.de\/wp01\/wp-json\/wp\/v2\/posts\/1211","targetHints":{"allow":["GET"]}}],"collection":[{"href":"https:\/\/www.cvjm-ofterdingen.de\/wp01\/wp-json\/wp\/v2\/posts"}],"about":[{"href":"https:\/\/www.cvjm-ofterdingen.de\/wp01\/wp-json\/wp\/v2\/types\/post"}],"author":[{"embeddable":true,"href":"https:\/\/www.cvjm-ofterdingen.de\/wp01\/wp-json\/wp\/v2\/users\/1"}],"replies":[{"embeddable":true,"href":"https:\/\/www.cvjm-ofterdingen.de\/wp01\/wp-json\/wp\/v2\/comments?post=1211"}],"version-history":[{"count":9,"href":"https:\/\/www.cvjm-ofterdingen.de\/wp01\/wp-json\/wp\/v2\/posts\/1211\/revisions"}],"predecessor-version":[{"id":1223,"href":"https:\/\/www.cvjm-ofterdingen.de\/wp01\/wp-json\/wp\/v2\/posts\/1211\/revisions\/1223"}],"wp:attachment":[{"href":"https:\/\/www.cvjm-ofterdingen.de\/wp01\/wp-json\/wp\/v2\/media?parent=1211"}],"wp:term":[{"taxonomy":"category","embeddable":true,"href":"https:\/\/www.cvjm-ofterdingen.de\/wp01\/wp-json\/wp\/v2\/categories?post=1211"},{"taxonomy":"post_tag","embeddable":true,"href":"https:\/\/www.cvjm-ofterdingen.de\/wp01\/wp-json\/wp\/v2\/tags?post=1211"}],"curies":[{"name":"wp","href":"https:\/\/api.w.org\/{rel}","templated":true}]}}