{"id":913,"global_id":"www.cvjm-ofterdingen.de\/wp01?id=913","global_id_lineage":["www.cvjm-ofterdingen.de\/wp01?id=913"],"author":"1","status":"publish","date":"2018-12-26 00:52:43","date_utc":"2018-12-25 23:52:43","modified":"2019-09-21 14:59:20","modified_utc":"2019-09-21 12:59:20","url":"https:\/\/www.cvjm-ofterdingen.de\/wp01\/event\/kinder-holzbautag-2\/","rest_url":"https:\/\/www.cvjm-ofterdingen.de\/wp01\/wp-json\/tribe\/events\/v1\/events\/913","title":"Kinder-Bibelfr\u00fchst\u00fcck","description":"<p><img loading=\"lazy\" decoding=\"async\" class=\"alignnone size-full wp-image-1020 aligncenter\" src=\"https:\/\/www.cvjm-ofterdingen.de\/wp01\/wp-content\/uploads\/2019\/09\/KiBiFr\u00fchBild.png\" alt=\"\" width=\"745\" height=\"229\" srcset=\"https:\/\/www.cvjm-ofterdingen.de\/wp01\/wp-content\/uploads\/2019\/09\/KiBiFr\u00fchBild.png 745w, https:\/\/www.cvjm-ofterdingen.de\/wp01\/wp-content\/uploads\/2019\/09\/KiBiFr\u00fchBild-300x92.png 300w, https:\/\/www.cvjm-ofterdingen.de\/wp01\/wp-content\/uploads\/2019\/09\/KiBiFr\u00fchBild-500x154.png 500w\" sizes=\"auto, (max-width: 745px) 100vw, 745px\" \/><\/p>\n<p style=\"text-align: center;\"><span style=\"color: #ff0000;\"><strong>KINDER<\/strong><\/span><strong>&#8211;<span style=\"color: #339966;\">BIBEL<\/span>&#8211;<span style=\"color: #3366ff;\">FR\u00dcHST\u00dcCK<\/span><\/strong><\/p>\n<p><strong>\u00a0<\/strong><\/p>\n<p style=\"text-align: center;\"><strong>Ein Fr\u00fchst\u00fcck \u2013 Musik \u2013 spannende Geschichten \u2013 Spiel &amp; Spa\u00df\u00a0 u.v.m. \u2026<\/strong><\/p>\n<p style=\"text-align: center;\"><strong>\u2026 f\u00fcr alle Kinder ab dem Vorschulalter!<\/strong><\/p>\n<p><strong>\u00a0<\/strong><\/p>\n<p><strong>Wann :\u00a0\u00a0\u00a0\u00a0 <u>12. Oktober 2019<\/u><\/strong><\/p>\n<p><strong>\u00a0\u00a0\u00a0\u00a0\u00a0\u00a0\u00a0\u00a0\u00a0\u00a0\u00a0\u00a0\u00a0\u00a0\u00a0\u00a0\u00a0 <u>9.30 Uhr &#8211; 12.30 Uhr<\/u><\/strong><\/p>\n<p><strong>Wo: \u00a0\u00a0\u00a0\u00a0\u00a0\u00a0\u00a0\u00a0 Im <u>Vereinszimmer der Burghofhalle!<\/u><\/strong><\/p>\n<p style=\"text-align: center;\"><strong>\u00a0\u00a0\u00a0\u00a0\u00a0\u00a0\u00a0\u00a0 Wir laden <span style=\"color: #ff0000;\">DICH<\/span> ganz herzlich zu unserem<\/strong><\/p>\n<p><img loading=\"lazy\" decoding=\"async\" class=\"wp-image-1020 aligncenter\" src=\"https:\/\/www.cvjm-ofterdingen.de\/wp01\/wp-content\/uploads\/2019\/09\/KiBiFr\u00fchBild.png\" alt=\"\" width=\"341\" height=\"111\" \/><\/p>\n<p style=\"text-align: center;\"><strong>ein und wir freuen uns auf DICH!!!<\/strong><\/p>\n<p style=\"text-align: center;\"><strong>Dein Vorbereitungsteam des CVJM<\/strong><\/p>\n<p><strong>\u00a0<\/strong><\/p>\n<p style=\"text-align: center;\"><strong>PS: Wer m\u00f6chte darf 1,50 \u20ac f\u00fcr das Fr\u00fchst\u00fcck mitbringen.<\/strong><\/p>\n<p style=\"text-align: right;\"><strong>\u00a0\u00a0\u00a0\u00a0\u00a0\u00a0\u00a0\u00a0 <\/strong><strong> \u00a0\u00a0\u00a0\u00a0\u00a0\u00a0\u00a0\u00a0\u00a0\u00a0\u00a0\u00a0\u00a0\u00a0\u00a0\u00a0\u00a0\u00a0\u00a0\u00a0\u00a0\u00a0\u00a0\u00a0\u00a0\u00a0\u00a0\u00a0\u00a0\u00a0\u00a0\u00a0\u00a0\u00a0\u00a0\u00a0\u00a0\u00a0\u00a0\u00a0\u00a0\u00a0\u00a0\u00a0\u00a0\u00a0\u00a0\u00a0\u00a0\u00a0\u00a0\u00a0\u00a0\u00a0\u00a0\u00a0\u00a0\u00a0\u00a0\u00a0\u00a0\u00a0\u00a0\u00a0\u00a0\u00a0\u00a0\u00a0\u00a0\u00a0\u00a0\u00a0\u00a0\u00a0\u00a0\u00a0\u00a0\u00a0\u00a0\u00a0\u00a0\u00a0\u00a0\u00a0\u00a0\u00a0\u00a0\u00a0\u00a0\u00a0\u00a0\u00a0\u00a0\u00a0 <\/strong><strong>Kontakt: Maria Handte Tel. 737<\/strong><strong>1<\/strong><\/p>\n<p><a href=\"https:\/\/www.cvjm-ofterdingen.de\/wp01\/wp-content\/uploads\/2019\/09\/Einladung-KibIFr\u00fch-2019-1.pdf\">Einladung KibIFr\u00fch 2019<\/a><\/p>\n<p>&nbsp;<\/p>","excerpt":"","slug":"kinder-holzbautag-2","image":{"url":"https:\/\/www.cvjm-ofterdingen.de\/wp01\/wp-content\/uploads\/2019\/09\/KiBiFr\u00fchBild.png","id":1020,"extension":"png","width":745,"height":229,"sizes":{"thumbnail":{"width":150,"height":150,"mime-type":"image\/png","url":"https:\/\/www.cvjm-ofterdingen.de\/wp01\/wp-content\/uploads\/2019\/09\/KiBiFr\u00fchBild-150x150.png"},"medium":{"width":300,"height":92,"mime-type":"image\/png","url":"https:\/\/www.cvjm-ofterdingen.de\/wp01\/wp-content\/uploads\/2019\/09\/KiBiFr\u00fchBild-300x92.png"},"small-feature":{"width":500,"height":154,"mime-type":"image\/png","url":"https:\/\/www.cvjm-ofterdingen.de\/wp01\/wp-content\/uploads\/2019\/09\/KiBiFr\u00fchBild-500x154.png"}}},"all_day":false,"start_date":"2019-10-12 09:30:00","start_date_details":{"year":"2019","month":"10","day":"12","hour":"09","minutes":"30","seconds":"00"},"end_date":"2019-10-12 12:30:00","end_date_details":{"year":"2019","month":"10","day":"12","hour":"12","minutes":"30","seconds":"00"},"utc_start_date":"2019-10-12 07:30:00","utc_start_date_details":{"year":"2019","month":"10","day":"12","hour":"07","minutes":"30","seconds":"00"},"utc_end_date":"2019-10-12 10:30:00","utc_end_date_details":{"year":"2019","month":"10","day":"12","hour":"10","minutes":"30","seconds":"00"},"timezone":"Europe\/Berlin","timezone_abbr":"CEST","cost":"","cost_details":{"currency_symbol":"","currency_code":"","currency_position":"prefix","values":[]},"website":"","show_map":true,"show_map_link":true,"hide_from_listings":false,"sticky":true,"featured":true,"categories":[{"name":"Bauen","slug":"bauen","term_group":0,"term_taxonomy_id":175,"taxonomy":"tribe_events_cat","description":"","parent":0,"count":2,"filter":"raw","id":175,"urls":{"self":"https:\/\/www.cvjm-ofterdingen.de\/wp01\/wp-json\/tribe\/events\/v1\/categories\/175","collection":"https:\/\/www.cvjm-ofterdingen.de\/wp01\/wp-json\/tribe\/events\/v1\/categories"}},{"name":"Essen","slug":"essen","term_group":0,"term_taxonomy_id":179,"taxonomy":"tribe_events_cat","description":"","parent":0,"count":87,"filter":"raw","id":179,"urls":{"self":"https:\/\/www.cvjm-ofterdingen.de\/wp01\/wp-json\/tribe\/events\/v1\/categories\/179","collection":"https:\/\/www.cvjm-ofterdingen.de\/wp01\/wp-json\/tribe\/events\/v1\/categories"}},{"name":"Essen &amp; Trinken","slug":"essen-trinken","term_group":0,"term_taxonomy_id":180,"taxonomy":"tribe_events_cat","description":"","parent":0,"count":94,"filter":"raw","id":180,"urls":{"self":"https:\/\/www.cvjm-ofterdingen.de\/wp01\/wp-json\/tribe\/events\/v1\/categories\/180","collection":"https:\/\/www.cvjm-ofterdingen.de\/wp01\/wp-json\/tribe\/events\/v1\/categories"}},{"name":"Event","slug":"event","term_group":0,"term_taxonomy_id":181,"taxonomy":"tribe_events_cat","description":"","parent":0,"count":77,"filter":"raw","id":181,"urls":{"self":"https:\/\/www.cvjm-ofterdingen.de\/wp01\/wp-json\/tribe\/events\/v1\/categories\/181","collection":"https:\/\/www.cvjm-ofterdingen.de\/wp01\/wp-json\/tribe\/events\/v1\/categories"}},{"name":"Familien","slug":"familien","term_group":0,"term_taxonomy_id":182,"taxonomy":"tribe_events_cat","description":"","parent":0,"count":83,"filter":"raw","id":182,"urls":{"self":"https:\/\/www.cvjm-ofterdingen.de\/wp01\/wp-json\/tribe\/events\/v1\/categories\/182","collection":"https:\/\/www.cvjm-ofterdingen.de\/wp01\/wp-json\/tribe\/events\/v1\/categories"}},{"name":"Input","slug":"input","term_group":0,"term_taxonomy_id":184,"taxonomy":"tribe_events_cat","description":"","parent":0,"count":108,"filter":"raw","id":184,"urls":{"self":"https:\/\/www.cvjm-ofterdingen.de\/wp01\/wp-json\/tribe\/events\/v1\/categories\/184","collection":"https:\/\/www.cvjm-ofterdingen.de\/wp01\/wp-json\/tribe\/events\/v1\/categories"}},{"name":"Kids","slug":"kids","term_group":0,"term_taxonomy_id":186,"taxonomy":"tribe_events_cat","description":"","parent":0,"count":52,"filter":"raw","id":186,"urls":{"self":"https:\/\/www.cvjm-ofterdingen.de\/wp01\/wp-json\/tribe\/events\/v1\/categories\/186","collection":"https:\/\/www.cvjm-ofterdingen.de\/wp01\/wp-json\/tribe\/events\/v1\/categories"}},{"name":"Kinder","slug":"kinder","term_group":0,"term_taxonomy_id":187,"taxonomy":"tribe_events_cat","description":"","parent":0,"count":52,"filter":"raw","id":187,"urls":{"self":"https:\/\/www.cvjm-ofterdingen.de\/wp01\/wp-json\/tribe\/events\/v1\/categories\/187","collection":"https:\/\/www.cvjm-ofterdingen.de\/wp01\/wp-json\/tribe\/events\/v1\/categories"}}],"tags":[{"name":"Bibel","slug":"bibel","term_group":0,"term_taxonomy_id":35,"taxonomy":"post_tag","description":"","parent":0,"count":2,"filter":"raw","id":35,"urls":{"self":"https:\/\/www.cvjm-ofterdingen.de\/wp01\/wp-json\/tribe\/events\/v1\/tags\/35","collection":"https:\/\/www.cvjm-ofterdingen.de\/wp01\/wp-json\/tribe\/events\/v1\/tags"}},{"name":"Essen","slug":"essen","term_group":0,"term_taxonomy_id":60,"taxonomy":"post_tag","description":"","parent":0,"count":43,"filter":"raw","id":60,"urls":{"self":"https:\/\/www.cvjm-ofterdingen.de\/wp01\/wp-json\/tribe\/events\/v1\/tags\/60","collection":"https:\/\/www.cvjm-ofterdingen.de\/wp01\/wp-json\/tribe\/events\/v1\/tags"}},{"name":"Fr\u00fchst\u00fcck","slug":"fruehstueck","term_group":0,"term_taxonomy_id":75,"taxonomy":"post_tag","description":"","parent":0,"count":2,"filter":"raw","id":75,"urls":{"self":"https:\/\/www.cvjm-ofterdingen.de\/wp01\/wp-json\/tribe\/events\/v1\/tags\/75","collection":"https:\/\/www.cvjm-ofterdingen.de\/wp01\/wp-json\/tribe\/events\/v1\/tags"}},{"name":"Kinder","slug":"kinder","term_group":0,"term_taxonomy_id":101,"taxonomy":"post_tag","description":"","parent":0,"count":31,"filter":"raw","id":101,"urls":{"self":"https:\/\/www.cvjm-ofterdingen.de\/wp01\/wp-json\/tribe\/events\/v1\/tags\/101","collection":"https:\/\/www.cvjm-ofterdingen.de\/wp01\/wp-json\/tribe\/events\/v1\/tags"}},{"name":"Kinderbibelfr\u00fchst\u00fcck","slug":"kinderbibelfruehstueck","term_group":0,"term_taxonomy_id":102,"taxonomy":"post_tag","description":"","parent":0,"count":2,"filter":"raw","id":102,"urls":{"self":"https:\/\/www.cvjm-ofterdingen.de\/wp01\/wp-json\/tribe\/events\/v1\/tags\/102","collection":"https:\/\/www.cvjm-ofterdingen.de\/wp01\/wp-json\/tribe\/events\/v1\/tags"}},{"name":"Kinderprogramm","slug":"kinderprogramm","term_group":0,"term_taxonomy_id":231,"taxonomy":"post_tag","description":"","parent":0,"count":1,"filter":"raw","id":231,"urls":{"self":"https:\/\/www.cvjm-ofterdingen.de\/wp01\/wp-json\/tribe\/events\/v1\/tags\/231","collection":"https:\/\/www.cvjm-ofterdingen.de\/wp01\/wp-json\/tribe\/events\/v1\/tags"}},{"name":"Kirchengemeinde","slug":"kirchengemeinde","term_group":0,"term_taxonomy_id":104,"taxonomy":"post_tag","description":"","parent":0,"count":3,"filter":"raw","id":104,"urls":{"self":"https:\/\/www.cvjm-ofterdingen.de\/wp01\/wp-json\/tribe\/events\/v1\/tags\/104","collection":"https:\/\/www.cvjm-ofterdingen.de\/wp01\/wp-json\/tribe\/events\/v1\/tags"}},{"name":"Spielen","slug":"spielen","term_group":0,"term_taxonomy_id":137,"taxonomy":"post_tag","description":"","parent":0,"count":12,"filter":"raw","id":137,"urls":{"self":"https:\/\/www.cvjm-ofterdingen.de\/wp01\/wp-json\/tribe\/events\/v1\/tags\/137","collection":"https:\/\/www.cvjm-ofterdingen.de\/wp01\/wp-json\/tribe\/events\/v1\/tags"}}],"venue":{"id":498,"author":"1","status":"publish","date":"2018-02-10 15:52:28","date_utc":"2018-02-10 14:52:28","modified":"2018-02-10 15:52:28","modified_utc":"2018-02-10 14:52:28","url":"https:\/\/www.cvjm-ofterdingen.de\/wp01\/veranstaltungsort\/ev-gemeindehaus-ofterdingen\/","venue":"ev. Gemeindehaus Ofterdingen","slug":"ev-gemeindehaus-ofterdingen","address":"Rohrgasse 6","city":"Ofterdingen","country":"Deutschland","zip":"72131","json_ld":{"@type":"Place","name":"ev. Gemeindehaus Ofterdingen","description":"","url":"","address":{"@type":"PostalAddress","streetAddress":"Rohrgasse 6","addressLocality":"Ofterdingen","postalCode":"72131","addressCountry":"Deutschland"},"telephone":"","sameAs":""},"show_map":true,"show_map_link":true,"global_id":"www.cvjm-ofterdingen.de\/wp01?id=498","global_id_lineage":["www.cvjm-ofterdingen.de\/wp01?id=498"]},"organizer":[{"id":70,"author":"1","status":"publish","date":"2017-08-02 22:04:42","date_utc":"2017-08-02 20:04:42","modified":"2017-08-02 22:04:42","modified_utc":"2017-08-02 20:04:42","url":"https:\/\/www.cvjm-ofterdingen.de\/wp01\/veranstalter\/cvjm-ofterdingen-e-v\/","organizer":"CVJM Ofterdingen e. V.","slug":"cvjm-ofterdingen-e-v","website":"https:\/\/www.cvjm-ofterdingen.de","email":"kontakt@cvjm-ofterdingen.de","json_ld":{"@type":"Person","name":"CVJM Ofterdingen e. V.","description":"","url":"https:\/\/www.cvjm-ofterdingen.de","telephone":"","email":"&#107;ont&#97;kt&#64;&#99;&#118;&#106;m-&#111;&#102;terdi&#110;&#103;&#101;&#110;&#46;d&#101;","sameAs":"https:\/\/www.cvjm-ofterdingen.de"},"global_id":"www.cvjm-ofterdingen.de\/wp01?id=70","global_id_lineage":["www.cvjm-ofterdingen.de\/wp01?id=70"]},{"id":499,"author":"1","status":"publish","date":"2018-02-10 15:52:28","date_utc":"2018-02-10 14:52:28","modified":"2018-02-10 15:52:28","modified_utc":"2018-02-10 14:52:28","url":"https:\/\/www.cvjm-ofterdingen.de\/wp01\/veranstalter\/ev-kirchengemeinde-ofterdingen\/","organizer":"ev. Kirchengemeinde Ofterdingen","slug":"ev-kirchengemeinde-ofterdingen","json_ld":{"@type":"Person","name":"ev. Kirchengemeinde Ofterdingen","description":"","url":"","telephone":"","email":"","sameAs":""},"global_id":"www.cvjm-ofterdingen.de\/wp01?id=499","global_id_lineage":["www.cvjm-ofterdingen.de\/wp01?id=499"]}],"custom_fields":[],"json_ld":{"@context":"http:\/\/schema.org","@type":"Event","name":"Kinder-Bibelfr\u00fchst\u00fcck","description":"&lt;p&gt;KINDER-BIBEL-FR\u00dcHST\u00dcCK \u00a0 Ein Fr\u00fchst\u00fcck \u2013 Musik \u2013 spannende Geschichten \u2013 Spiel &amp; Spa\u00df\u00a0 u.v.m. \u2026 \u2026 f\u00fcr alle Kinder ab dem Vorschulalter! \u00a0 Wann :\u00a0\u00a0\u00a0\u00a0 12. Oktober 2019 \u00a0\u00a0\u00a0\u00a0\u00a0\u00a0\u00a0\u00a0\u00a0\u00a0\u00a0\u00a0\u00a0\u00a0\u00a0\u00a0\u00a0 9.30 Uhr - 12.30 Uhr Wo: \u00a0\u00a0\u00a0\u00a0\u00a0\u00a0\u00a0\u00a0 Im Vereinszimmer der Burghofhalle! &hellip; &lt;a href=&quot;https:\/\/www.cvjm-ofterdingen.de\/wp01\/event\/kinder-holzbautag-2\/&quot;&gt;Weiterlesen &lt;span class=&quot;meta-nav&quot;&gt;&rarr;&lt;\/span&gt;&lt;\/a&gt;&lt;\/p&gt;\\n","image":"https:\/\/www.cvjm-ofterdingen.de\/wp01\/wp-content\/uploads\/2019\/09\/KiBiFr\u00fchBild.png","url":"https:\/\/www.cvjm-ofterdingen.de\/wp01\/event\/kinder-holzbautag-2\/","eventAttendanceMode":"https:\/\/schema.org\/OfflineEventAttendanceMode","eventStatus":"https:\/\/schema.org\/EventScheduled","startDate":"2019-10-12T09:30:00+02:00","endDate":"2019-10-12T12:30:00+02:00","location":{"@type":"Place","name":"ev. Gemeindehaus Ofterdingen","description":"","url":"","address":{"@type":"PostalAddress","streetAddress":"Rohrgasse 6","addressLocality":"Ofterdingen","postalCode":"72131","addressCountry":"Deutschland"},"telephone":"","sameAs":""},"organizer":{"@type":"Person","name":"CVJM Ofterdingen e. V.","description":"","url":"https:\/\/www.cvjm-ofterdingen.de","telephone":"","email":"kon&#116;ak&#116;&#64;cvjm-&#111;f&#116;e&#114;&#100;&#105;&#110;gen.de","sameAs":"https:\/\/www.cvjm-ofterdingen.de"},"performer":"Organization"}}